{"id":2582,"date":"2026-02-09T12:00:36","date_gmt":"2026-02-09T15:00:36","guid":{"rendered":"https:\/\/alta.createstorm.com.br\/talentosrh\/?p=2582"},"modified":"2026-02-27T14:44:32","modified_gmt":"2026-02-27T17:44:32","slug":"talento-um-novo-capitulo","status":"publish","type":"post","link":"https:\/\/alta.createstorm.com.br\/talentosrh\/talento-um-novo-capitulo\/","title":{"rendered":"Talento: Um novo cap\u00edtulo"},"content":{"rendered":"\n<p>A <strong>Talento<\/strong> nasceu em <strong>1997<\/strong>. S\u00e3o quase <strong>tr\u00eas d\u00e9cadas de hist\u00f3ria<\/strong>, atua\u00e7\u00e3o e constru\u00e7\u00e3o de conhecimento no campo do <strong>desenvolvimento humano<\/strong> dentro das organiza\u00e7\u00f5es, contribuindo para <strong>melhores resultados<\/strong> para o neg\u00f3cio. Ao longo desses anos, muita coisa mudou, no mundo, no mercado e, principalmente, na forma como as <strong>pessoas se relacionam com o trabalho<\/strong>.<\/p>\n\n\n\n<p>Quando falamos de <strong>cultura e identidade organizacional<\/strong>, partimos sempre de alguns referenciais fundamentais para an\u00e1lise e posicionamento. Um deles \u00e9 o mundo e o mercado: o <strong>contexto hist\u00f3rico, social e econ\u00f4mico<\/strong> em que as empresas est\u00e3o inseridas.<\/p>\n\n\n\n<p>Entender esse cen\u00e1rio \u00e9 essencial para que a identidade de uma organiza\u00e7\u00e3o fa\u00e7a <strong>sentido<\/strong>, seja <strong>coerente<\/strong> e continue <strong>relevante<\/strong> ao longo do tempo.<\/p>\n\n\n\n<p>Hoje, em <strong>2026<\/strong>, a Talento reconhece que esse contexto \u00e9 diferente daquele de 1997. As organiza\u00e7\u00f5es enfrentam <strong>novos desafios<\/strong>, as <strong>rela\u00e7\u00f5es de trabalho<\/strong> se transformaram e a <strong>dimens\u00e3o humana<\/strong> passou a ocupar um lugar ainda mais <strong>central nas estrat\u00e9gias empresariais<\/strong>.<\/p>\n\n\n\n\n\n<figure class=\"wp-block-image size-large\"><img fetchpriority=\"high\" decoding=\"async\" width=\"1024\" height=\"683\" src=\"https:\/\/alta.createstorm.com.br\/talentosrh\/wp-content\/uploads\/2026\/02\/people-working-as-team-company-1024x683.jpg\" alt=\"\" class=\"wp-image-2662\" srcset=\"https:\/\/alta.createstorm.com.br\/talentosrh\/wp-content\/uploads\/2026\/02\/people-working-as-team-company-1024x683.jpg 1024w, https:\/\/alta.createstorm.com.br\/talentosrh\/wp-content\/uploads\/2026\/02\/people-working-as-team-company-300x200.jpg 300w, https:\/\/alta.createstorm.com.br\/talentosrh\/wp-content\/uploads\/2026\/02\/people-working-as-team-company-768x512.jpg 768w, https:\/\/alta.createstorm.com.br\/talentosrh\/wp-content\/uploads\/2026\/02\/people-working-as-team-company-1536x1024.jpg 1536w, https:\/\/alta.createstorm.com.br\/talentosrh\/wp-content\/uploads\/2026\/02\/people-working-as-team-company-2048x1366.jpg 2048w\" sizes=\"(max-width: 1024px) 100vw, 1024px\" \/><\/figure>\n\n\n\n<div class=\"wp-block-group\"><div class=\"wp-block-group__inner-container is-layout-constrained wp-block-group-is-layout-constrained\">\n<p><\/p>\n\n\n\n<p>Diante disso, entendemos a necessidade de aparecer de uma <strong>nova forma<\/strong>, mais alinhada ao <strong>presente e ao futuro<\/strong>.<\/p>\n\n\n\n<p>Esse movimento se materializa no nosso <strong>rebranding<\/strong>. Mais do que uma mudan\u00e7a est\u00e9tica, ele representa uma <strong>atualiza\u00e7\u00e3o de posicionamento<\/strong>. Antes, \u00e9ramos Talento Desenvolvimento Organizacional. Agora, somos <strong>Talento &#8211; Humanamente Estrat\u00e9gico<\/strong>.<\/p>\n\n\n\n<p>Essa mudan\u00e7a traduz aquilo que sempre esteve no centro da nossa atua\u00e7\u00e3o, mas que hoje precisa estar expl\u00edcito: a <strong>estrat\u00e9gia<\/strong> s\u00f3 faz sentido quando \u00e9 constru\u00edda e conectada com <strong>desejo e clareza de miss\u00e3o<\/strong> no mundo. S\u00f3 assim <strong>engaja<\/strong>. S\u00f3 assim <strong>resulta<\/strong>.<\/p>\n\n\n\n<p>O lan\u00e7amento do nosso site e da nossa presen\u00e7a digital marca, portanto, um <strong>novo cap\u00edtulo<\/strong> da Talento. Um cap\u00edtulo que <strong>honra nossa trajet\u00f3ria<\/strong>, mas que olha com aten\u00e7\u00e3o para o <strong>mundo atual<\/strong>, para o mercado e para as transforma\u00e7\u00f5es necess\u00e1rias para continuar <strong>gerando impacto<\/strong> de forma <strong>\u00e9tica, consciente e estrat\u00e9gica<\/strong>.<\/p>\n\n\n\n<p>Seguimos <strong>em movimento<\/strong>. <strong>Humanamente Estrat\u00e9gicos<\/strong>.<\/p>\n<\/div><\/div>\n\n\n\n<p><\/p>\n","protected":false},"excerpt":{"rendered":"<p>A Talento nasceu em 1997. S\u00e3o quase tr\u00eas d\u00e9cadas de hist\u00f3ria, atua\u00e7\u00e3o e constru\u00e7\u00e3o de conhecimento no campo do desenvolvimento humano dentro das organiza\u00e7\u00f5es, contribuindo para melhores resultados para o neg\u00f3cio. Ao longo desses anos, muita coisa mudou, no mundo, no mercado e, principalmente, na forma como as pessoas se relacionam com o trabalho. Quando [&hellip;]<\/p>\n","protected":false},"author":1,"featured_media":2659,"comment_status":"open","ping_status":"open","sticky":false,"template":"","format":"standard","meta":{"footnotes":""},"categories":[109],"tags":[],"class_list":["post-2582","post","type-post","status-publish","format-standard","has-post-thumbnail","hentry","category-institucional"],"acf":[],"_links":{"self":[{"href":"https:\/\/alta.createstorm.com.br\/talentosrh\/wp-json\/wp\/v2\/posts\/2582","targetHints":{"allow":["GET"]}}],"collection":[{"href":"https:\/\/alta.createstorm.com.br\/talentosrh\/wp-json\/wp\/v2\/posts"}],"about":[{"href":"https:\/\/alta.createstorm.com.br\/talentosrh\/wp-json\/wp\/v2\/types\/post"}],"author":[{"embeddable":true,"href":"https:\/\/alta.createstorm.com.br\/talentosrh\/wp-json\/wp\/v2\/users\/1"}],"replies":[{"embeddable":true,"href":"https:\/\/alta.createstorm.com.br\/talentosrh\/wp-json\/wp\/v2\/comments?post=2582"}],"version-history":[{"count":9,"href":"https:\/\/alta.createstorm.com.br\/talentosrh\/wp-json\/wp\/v2\/posts\/2582\/revisions"}],"predecessor-version":[{"id":2672,"href":"https:\/\/alta.createstorm.com.br\/talentosrh\/wp-json\/wp\/v2\/posts\/2582\/revisions\/2672"}],"wp:featuredmedia":[{"embeddable":true,"href":"https:\/\/alta.createstorm.com.br\/talentosrh\/wp-json\/wp\/v2\/media\/2659"}],"wp:attachment":[{"href":"https:\/\/alta.createstorm.com.br\/talentosrh\/wp-json\/wp\/v2\/media?parent=2582"}],"wp:term":[{"taxonomy":"category","embeddable":true,"href":"https:\/\/alta.createstorm.com.br\/talentosrh\/wp-json\/wp\/v2\/categories?post=2582"},{"taxonomy":"post_tag","embeddable":true,"href":"https:\/\/alta.createstorm.com.br\/talentosrh\/wp-json\/wp\/v2\/tags?post=2582"}],"curies":[{"name":"wp","href":"https:\/\/api.w.org\/{rel}","templated":true}]}}